{"id":1032,"date":"2025-02-21T20:40:21","date_gmt":"2025-02-21T20:40:21","guid":{"rendered":"https:\/\/www.colegiocajamag.edu.co\/?p=1032"},"modified":"2025-06-09T21:01:12","modified_gmt":"2025-06-09T21:01:12","slug":"simbolica-ceremonia-realizada-en-el-patio-central-del-colegio-cajamag-el-presbitero-moises-elias-garcia","status":"publish","type":"post","link":"https:\/\/www.colegiocajamag.edu.co\/?p=1032","title":{"rendered":"Simb\u00f3lica ceremonia realizada en el patio central del Colegio Cajamag, el presb\u00edtero Mois\u00e9s El\u00edas Garc\u00eda"},"content":{"rendered":"\t\t<div data-elementor-type=\"wp-post\" data-elementor-id=\"1032\" class=\"elementor elementor-1032\">\n\t\t\t\t\t\t<div class=\"elementor-inner\">\n\t\t\t\t<div class=\"elementor-section-wrap\">\n\t\t\t\t\t\t\t\t\t<section class=\"elementor-section elementor-top-section elementor-element elementor-element-b00b278 elementor-section-boxed elementor-section-height-default elementor-section-height-default\" data-id=\"b00b278\" data-element_type=\"section\">\n\t\t\t\t\t\t<div class=\"elementor-container elementor-column-gap-default\">\n\t\t\t\t\t\t\t<div class=\"elementor-row\">\n\t\t\t\t\t<div class=\"elementor-column elementor-col-100 elementor-top-column elementor-element elementor-element-65c0487\" data-id=\"65c0487\" data-element_type=\"column\">\n\t\t\t<div class=\"elementor-column-wrap elementor-element-populated\">\n\t\t\t\t\t\t\t<div class=\"elementor-widget-wrap\">\n\t\t\t\t\t\t<div class=\"elementor-element elementor-element-6f8f7d7 elementor-widget elementor-widget-text-editor\" data-id=\"6f8f7d7\" data-element_type=\"widget\" data-widget_type=\"text-editor.default\">\n\t\t\t\t<div class=\"elementor-widget-container\">\n\t\t\t\t\t\t\t\t<div class=\"elementor-text-editor elementor-clearfix\">\n\t\t\t\t<p data-start=\"198\" data-end=\"673\">Con el coraz\u00f3n lleno de esperanza y alegr\u00eda, iniciamos este nuevo ciclo acad\u00e9mico con una emotiva ceremonia de bendici\u00f3n que tuvo lugar en el patio central de nuestra instituci\u00f3n. En un ambiente lleno de espiritualidad y reflexi\u00f3n, el presb\u00edtero <strong data-start=\"444\" data-end=\"473\">Mois\u00e9s El\u00edas Garc\u00eda Anaya<\/strong> elev\u00f3 una oraci\u00f3n especial por la vida y el bienestar de nuestros estudiantes, as\u00ed como por todo el equipo docente, administrativo y directivo que forma parte esencial de esta gran familia educativa.<\/p><p data-start=\"675\" data-end=\"879\">Este acto simb\u00f3lico no solo marc\u00f3 el inicio de un nuevo a\u00f1o escolar, sino que tambi\u00e9n reafirm\u00f3 nuestro compromiso de caminar juntos de la mano de Dios, guiados por valores, respeto y vocaci\u00f3n de servicio.<\/p><p data-start=\"881\" data-end=\"1395\">Durante la ceremonia, la directora del Colegio Cajamag, <strong data-start=\"937\" data-end=\"962\">Maribel Alarc\u00f3n L\u00f3pez<\/strong>, dirigi\u00f3 unas palabras inspiradoras a toda la comunidad educativa. En su mensaje, resalt\u00f3 el papel fundamental que cada estudiante, maestro y colaborador desempe\u00f1a en la vida institucional, e invit\u00f3 a los j\u00f3venes a vivir este nuevo a\u00f1o escolar con entusiasmo, curiosidad, compromiso y apertura al aprendizaje. \u201cCada espacio y cada momento en el Colegio es una oportunidad para crecer, descubrir y dejar huella\u201d, expres\u00f3 con emoci\u00f3n.<\/p><p data-start=\"1397\" data-end=\"1686\">A todas las familias que conf\u00edan en nuestro proyecto educativo, queremos expresarles nuestra m\u00e1s sincera gratitud. Ustedes son el pilar que impulsa nuestro trabajo diario y nos motiva a seguir formando seres humanos \u00edntegros, preparados para enfrentar el futuro con responsabilidad y amor.<\/p><p data-start=\"1688\" data-end=\"1938\">Estamos seguros de que este ser\u00e1 un a\u00f1o lleno de experiencias significativas, aprendizajes valiosos y memorias inolvidables.<br data-start=\"1812\" data-end=\"1815\" \/>\ud83c\udf1f \u00a1Bienvenidos al Colegio Cajamag, donde cada d\u00eda es una nueva oportunidad para aprender y construir un mejor ma\u00f1ana! \ud83c\udf08\ud83d\udcd6<\/p>\t\t\t\t\t<\/div>\n\t\t\t\t\t\t<\/div>\n\t\t\t\t<\/div>\n\t\t\t\t\t\t<\/div>\n\t\t\t\t\t<\/div>\n\t\t<\/div>\n\t\t\t\t\t\t\t\t<\/div>\n\t\t\t\t\t<\/div>\n\t\t<\/section>\n\t\t\t\t<section class=\"elementor-section elementor-top-section elementor-element elementor-element-7937aac elementor-section-boxed elementor-section-height-default elementor-section-height-default\" data-id=\"7937aac\" data-element_type=\"section\">\n\t\t\t\t\t\t<div class=\"elementor-container elementor-column-gap-default\">\n\t\t\t\t\t\t\t<div class=\"elementor-row\">\n\t\t\t\t\t<div class=\"elementor-column elementor-col-33 elementor-top-column elementor-element elementor-element-9689d48\" data-id=\"9689d48\" data-element_type=\"column\">\n\t\t\t<div class=\"elementor-column-wrap elementor-element-populated\">\n\t\t\t\t\t\t\t<div class=\"elementor-widget-wrap\">\n\t\t\t\t\t\t<div class=\"elementor-element elementor-element-8409d7d elementor-widget elementor-widget-image\" data-id=\"8409d7d\" data-element_type=\"widget\" data-widget_type=\"image.default\">\n\t\t\t\t<div class=\"elementor-widget-container\">\n\t\t\t\t\t\t\t\t<div class=\"elementor-image\">\n\t\t\t\t\t\t\t\t\t\t\t\t<img decoding=\"async\" width=\"1024\" height=\"768\" src=\"https:\/\/www.colegiocajamag.edu.co\/wp-content\/uploads\/2025\/06\/WhatsApp-Image-2025-02-21-at-6.40.20-AM-1024x768.jpeg\" class=\"attachment-large size-large wp-image-1036\" alt=\"\" loading=\"lazy\" srcset=\"https:\/\/www.colegiocajamag.edu.co\/wp-content\/uploads\/2025\/06\/WhatsApp-Image-2025-02-21-at-6.40.20-AM-1024x768.jpeg 1024w, https:\/\/www.colegiocajamag.edu.co\/wp-content\/uploads\/2025\/06\/WhatsApp-Image-2025-02-21-at-6.40.20-AM-300x225.jpeg 300w, https:\/\/www.colegiocajamag.edu.co\/wp-content\/uploads\/2025\/06\/WhatsApp-Image-2025-02-21-at-6.40.20-AM-768x576.jpeg 768w, https:\/\/www.colegiocajamag.edu.co\/wp-content\/uploads\/2025\/06\/WhatsApp-Image-2025-02-21-at-6.40.20-AM-1536x1152.jpeg 1536w, https:\/\/www.colegiocajamag.edu.co\/wp-content\/uploads\/2025\/06\/WhatsApp-Image-2025-02-21-at-6.40.20-AM.jpeg 1600w\" sizes=\"(max-width: 1024px) 100vw, 1024px\" \/>\t\t\t\t\t\t\t\t\t\t\t\t\t\t<\/div>\n\t\t\t\t\t\t<\/div>\n\t\t\t\t<\/div>\n\t\t\t\t\t\t<\/div>\n\t\t\t\t\t<\/div>\n\t\t<\/div>\n\t\t\t\t<div class=\"elementor-column elementor-col-33 elementor-top-column elementor-element elementor-element-2a35129\" data-id=\"2a35129\" data-element_type=\"column\">\n\t\t\t<div class=\"elementor-column-wrap elementor-element-populated\">\n\t\t\t\t\t\t\t<div class=\"elementor-widget-wrap\">\n\t\t\t\t\t\t<div class=\"elementor-element elementor-element-9ede069 elementor-widget elementor-widget-image\" data-id=\"9ede069\" data-element_type=\"widget\" data-widget_type=\"image.default\">\n\t\t\t\t<div class=\"elementor-widget-container\">\n\t\t\t\t\t\t\t\t<div class=\"elementor-image\">\n\t\t\t\t\t\t\t\t\t\t\t\t<img decoding=\"async\" width=\"1024\" height=\"768\" src=\"https:\/\/www.colegiocajamag.edu.co\/wp-content\/uploads\/2025\/06\/WhatsApp-Image-2025-02-21-at-6.40.20-AM-2-1024x768.jpeg\" class=\"attachment-large size-large wp-image-1035\" alt=\"\" loading=\"lazy\" srcset=\"https:\/\/www.colegiocajamag.edu.co\/wp-content\/uploads\/2025\/06\/WhatsApp-Image-2025-02-21-at-6.40.20-AM-2-1024x768.jpeg 1024w, https:\/\/www.colegiocajamag.edu.co\/wp-content\/uploads\/2025\/06\/WhatsApp-Image-2025-02-21-at-6.40.20-AM-2-300x225.jpeg 300w, https:\/\/www.colegiocajamag.edu.co\/wp-content\/uploads\/2025\/06\/WhatsApp-Image-2025-02-21-at-6.40.20-AM-2-768x576.jpeg 768w, https:\/\/www.colegiocajamag.edu.co\/wp-content\/uploads\/2025\/06\/WhatsApp-Image-2025-02-21-at-6.40.20-AM-2-1536x1152.jpeg 1536w, https:\/\/www.colegiocajamag.edu.co\/wp-content\/uploads\/2025\/06\/WhatsApp-Image-2025-02-21-at-6.40.20-AM-2.jpeg 1600w\" sizes=\"(max-width: 1024px) 100vw, 1024px\" \/>\t\t\t\t\t\t\t\t\t\t\t\t\t\t<\/div>\n\t\t\t\t\t\t<\/div>\n\t\t\t\t<\/div>\n\t\t\t\t\t\t<\/div>\n\t\t\t\t\t<\/div>\n\t\t<\/div>\n\t\t\t\t<div class=\"elementor-column elementor-col-33 elementor-top-column elementor-element elementor-element-57b1061\" data-id=\"57b1061\" data-element_type=\"column\">\n\t\t\t<div class=\"elementor-column-wrap elementor-element-populated\">\n\t\t\t\t\t\t\t<div class=\"elementor-widget-wrap\">\n\t\t\t\t\t\t<div class=\"elementor-element elementor-element-96b9506 elementor-widget elementor-widget-image\" data-id=\"96b9506\" data-element_type=\"widget\" data-widget_type=\"image.default\">\n\t\t\t\t<div class=\"elementor-widget-container\">\n\t\t\t\t\t\t\t\t<div class=\"elementor-image\">\n\t\t\t\t\t\t\t\t\t\t\t\t<img decoding=\"async\" width=\"1024\" height=\"768\" src=\"https:\/\/www.colegiocajamag.edu.co\/wp-content\/uploads\/2025\/06\/WhatsApp-Image-2025-02-21-at-6.40.20-AM-1-1024x768.jpeg\" class=\"attachment-large size-large wp-image-1034\" alt=\"\" loading=\"lazy\" srcset=\"https:\/\/www.colegiocajamag.edu.co\/wp-content\/uploads\/2025\/06\/WhatsApp-Image-2025-02-21-at-6.40.20-AM-1-1024x768.jpeg 1024w, https:\/\/www.colegiocajamag.edu.co\/wp-content\/uploads\/2025\/06\/WhatsApp-Image-2025-02-21-at-6.40.20-AM-1-300x225.jpeg 300w, https:\/\/www.colegiocajamag.edu.co\/wp-content\/uploads\/2025\/06\/WhatsApp-Image-2025-02-21-at-6.40.20-AM-1-768x576.jpeg 768w, https:\/\/www.colegiocajamag.edu.co\/wp-content\/uploads\/2025\/06\/WhatsApp-Image-2025-02-21-at-6.40.20-AM-1-1536x1152.jpeg 1536w, https:\/\/www.colegiocajamag.edu.co\/wp-content\/uploads\/2025\/06\/WhatsApp-Image-2025-02-21-at-6.40.20-AM-1.jpeg 1600w\" sizes=\"(max-width: 1024px) 100vw, 1024px\" \/>\t\t\t\t\t\t\t\t\t\t\t\t\t\t<\/div>\n\t\t\t\t\t\t<\/div>\n\t\t\t\t<\/div>\n\t\t\t\t\t\t<\/div>\n\t\t\t\t\t<\/div>\n\t\t<\/div>\n\t\t\t\t\t\t\t\t<\/div>\n\t\t\t\t\t<\/div>\n\t\t<\/section>\n\t\t\t\t\t\t\t\t\t<\/div>\n\t\t\t<\/div>\n\t\t\t\t\t<\/div>\n\t\t","protected":false},"excerpt":{"rendered":"<p>Con el coraz\u00f3n lleno de esperanza y alegr\u00eda, iniciamos este nuevo ciclo acad\u00e9mico con una emotiva ceremonia de bendici\u00f3n que tuvo lugar en el patio central de nuestra instituci\u00f3n. En un ambiente lleno de espiritualidad y reflexi\u00f3n, el presb\u00edtero Mois\u00e9s El\u00edas Garc\u00eda Anaya elev\u00f3 una oraci\u00f3n especial por la vida y el bienestar de nuestros &hellip;<\/p>\n<p class=\"read-more\"> <a class=\"\" href=\"https:\/\/www.colegiocajamag.edu.co\/?p=1032\"> <span class=\"screen-reader-text\">Simb\u00f3lica ceremonia realizada en el patio central del Colegio Cajamag, el presb\u00edtero Mois\u00e9s El\u00edas Garc\u00eda<\/span> Leer m\u00e1s &raquo;<\/a><\/p>\n","protected":false},"author":6,"featured_media":1033,"comment_status":"open","ping_status":"open","sticky":false,"template":"","format":"standard","meta":[],"categories":[5],"tags":[],"_links":{"self":[{"href":"https:\/\/www.colegiocajamag.edu.co\/index.php?rest_route=\/wp\/v2\/posts\/1032"}],"collection":[{"href":"https:\/\/www.colegiocajamag.edu.co\/index.php?rest_route=\/wp\/v2\/posts"}],"about":[{"href":"https:\/\/www.colegiocajamag.edu.co\/index.php?rest_route=\/wp\/v2\/types\/post"}],"author":[{"embeddable":true,"href":"https:\/\/www.colegiocajamag.edu.co\/index.php?rest_route=\/wp\/v2\/users\/6"}],"replies":[{"embeddable":true,"href":"https:\/\/www.colegiocajamag.edu.co\/index.php?rest_route=%2Fwp%2Fv2%2Fcomments&post=1032"}],"version-history":[{"count":5,"href":"https:\/\/www.colegiocajamag.edu.co\/index.php?rest_route=\/wp\/v2\/posts\/1032\/revisions"}],"predecessor-version":[{"id":1042,"href":"https:\/\/www.colegiocajamag.edu.co\/index.php?rest_route=\/wp\/v2\/posts\/1032\/revisions\/1042"}],"wp:featuredmedia":[{"embeddable":true,"href":"https:\/\/www.colegiocajamag.edu.co\/index.php?rest_route=\/wp\/v2\/media\/1033"}],"wp:attachment":[{"href":"https:\/\/www.colegiocajamag.edu.co\/index.php?rest_route=%2Fwp%2Fv2%2Fmedia&parent=1032"}],"wp:term":[{"taxonomy":"category","embeddable":true,"href":"https:\/\/www.colegiocajamag.edu.co\/index.php?rest_route=%2Fwp%2Fv2%2Fcategories&post=1032"},{"taxonomy":"post_tag","embeddable":true,"href":"https:\/\/www.colegiocajamag.edu.co\/index.php?rest_route=%2Fwp%2Fv2%2Ftags&post=1032"}],"curies":[{"name":"wp","href":"https:\/\/api.w.org\/{rel}","templated":true}]}}