{"id":1055,"date":"2025-04-22T20:49:25","date_gmt":"2025-04-22T20:49:25","guid":{"rendered":"https:\/\/www.colegiocajamag.edu.co\/?p=1055"},"modified":"2025-06-09T21:00:38","modified_gmt":"2025-06-09T21:00:38","slug":"colegio-cajamag-da-la-bienvenida-oficial-al-gobierno-estudiantil-2025","status":"publish","type":"post","link":"https:\/\/www.colegiocajamag.edu.co\/?p=1055","title":{"rendered":"Colegio Cajamag da la bienvenida oficial al Gobierno Estudiantil 2025"},"content":{"rendered":"\t\t<div data-elementor-type=\"wp-post\" data-elementor-id=\"1055\" class=\"elementor elementor-1055\">\n\t\t\t\t\t\t<div class=\"elementor-inner\">\n\t\t\t\t<div class=\"elementor-section-wrap\">\n\t\t\t\t\t\t\t\t\t<section class=\"elementor-section elementor-top-section elementor-element elementor-element-d1bd93b elementor-section-boxed elementor-section-height-default elementor-section-height-default\" data-id=\"d1bd93b\" data-element_type=\"section\">\n\t\t\t\t\t\t<div class=\"elementor-container elementor-column-gap-default\">\n\t\t\t\t\t\t\t<div class=\"elementor-row\">\n\t\t\t\t\t<div class=\"elementor-column elementor-col-100 elementor-top-column elementor-element elementor-element-06f79fe\" data-id=\"06f79fe\" data-element_type=\"column\">\n\t\t\t<div class=\"elementor-column-wrap elementor-element-populated\">\n\t\t\t\t\t\t\t<div class=\"elementor-widget-wrap\">\n\t\t\t\t\t\t<div class=\"elementor-element elementor-element-2520aad elementor-widget elementor-widget-text-editor\" data-id=\"2520aad\" data-element_type=\"widget\" data-widget_type=\"text-editor.default\">\n\t\t\t\t<div class=\"elementor-widget-container\">\n\t\t\t\t\t\t\t\t<div class=\"elementor-text-editor elementor-clearfix\">\n\t\t\t\t<p data-start=\"249\" data-end=\"638\">Con el firme prop\u00f3sito de fortalecer los valores democr\u00e1ticos, la participaci\u00f3n estudiantil y el liderazgo en nuestra comunidad educativa, el Colegio Cajamag llev\u00f3 a cabo la ceremonia de posesi\u00f3n del Consejo Estudiantil 2025. La actividad tuvo lugar en el patio central de la instituci\u00f3n y cont\u00f3 con la asistencia de todos los estudiantes, docentes, directivos y padres de familia voceros.<\/p><p data-start=\"640\" data-end=\"1095\">El evento fue presidido por nuestra rectora, <strong data-start=\"685\" data-end=\"710\">Maribel Alarc\u00f3n L\u00f3pez<\/strong>, quien ofreci\u00f3 unas palabras de bienvenida, destacando la importancia de la participaci\u00f3n activa de los estudiantes en la construcci\u00f3n de un entorno escolar basado en el respeto, el di\u00e1logo y la toma de decisiones colectivas. Asimismo, reiter\u00f3 su compromiso con acompa\u00f1ar y respaldar a los nuevos representantes en el desarrollo de sus propuestas e iniciativas durante el a\u00f1o lectivo.<\/p><p data-start=\"1097\" data-end=\"1432\">Uno de los momentos m\u00e1s significativos del acto fue el discurso del personero estudiantil <strong data-start=\"1187\" data-end=\"1202\">Samuel Pe\u00f1a<\/strong>, quien dirigi\u00f3 un mensaje cargado de motivaci\u00f3n y compromiso, invitando a sus compa\u00f1eros a creer en el poder de la voz estudiantil, a trabajar juntos por una convivencia arm\u00f3nica y a liderar desde el ejemplo y la responsabilidad.<\/p><p data-start=\"1434\" data-end=\"1751\">Durante la jornada, fueron presentados formalmente los voceros de cada grupo, el personero y el representante estudiantil, quienes asumen desde ahora la misi\u00f3n de representar a sus compa\u00f1eros con integridad, promover el bienestar com\u00fan y velar por el cumplimiento de los derechos y deberes dentro del entorno escolar.<\/p><p data-start=\"1753\" data-end=\"2032\">\ud83c\udf89 <strong data-start=\"1756\" data-end=\"1825\">Felicitamos a todos los integrantes del Gobierno Estudiantil 2025<\/strong> por su elecci\u00f3n y les deseamos un a\u00f1o lleno de aprendizajes, retos y logros. En el Colegio Cajamag creemos en la formaci\u00f3n de l\u00edderes con valores, conscientes de su rol en la transformaci\u00f3n de su comunidad.<\/p><p data-start=\"2034\" data-end=\"2145\">\ud83d\udd14 \u00a1Que este a\u00f1o sea una oportunidad para construir juntos un colegio a\u00fan m\u00e1s participativo, justo y solidario!<\/p>\t\t\t\t\t<\/div>\n\t\t\t\t\t\t<\/div>\n\t\t\t\t<\/div>\n\t\t\t\t\t\t<\/div>\n\t\t\t\t\t<\/div>\n\t\t<\/div>\n\t\t\t\t\t\t\t\t<\/div>\n\t\t\t\t\t<\/div>\n\t\t<\/section>\n\t\t\t\t<section class=\"elementor-section elementor-top-section elementor-element elementor-element-7f3b642 elementor-section-boxed elementor-section-height-default elementor-section-height-default\" data-id=\"7f3b642\" data-element_type=\"section\">\n\t\t\t\t\t\t<div class=\"elementor-container elementor-column-gap-default\">\n\t\t\t\t\t\t\t<div class=\"elementor-row\">\n\t\t\t\t\t<div class=\"elementor-column elementor-col-33 elementor-top-column elementor-element elementor-element-c2fa9d3\" data-id=\"c2fa9d3\" data-element_type=\"column\">\n\t\t\t<div class=\"elementor-column-wrap elementor-element-populated\">\n\t\t\t\t\t\t\t<div class=\"elementor-widget-wrap\">\n\t\t\t\t\t\t<div class=\"elementor-element elementor-element-a63dc9f elementor-widget elementor-widget-image\" data-id=\"a63dc9f\" data-element_type=\"widget\" data-widget_type=\"image.default\">\n\t\t\t\t<div class=\"elementor-widget-container\">\n\t\t\t\t\t\t\t\t<div class=\"elementor-image\">\n\t\t\t\t\t\t\t\t\t\t\t\t<img decoding=\"async\" width=\"1024\" height=\"768\" src=\"https:\/\/www.colegiocajamag.edu.co\/wp-content\/uploads\/2025\/06\/WhatsApp-Image-2025-04-22-at-7.57.55-AM-1024x768.jpeg\" class=\"attachment-large size-large wp-image-1060\" alt=\"\" loading=\"lazy\" srcset=\"https:\/\/www.colegiocajamag.edu.co\/wp-content\/uploads\/2025\/06\/WhatsApp-Image-2025-04-22-at-7.57.55-AM-1024x768.jpeg 1024w, https:\/\/www.colegiocajamag.edu.co\/wp-content\/uploads\/2025\/06\/WhatsApp-Image-2025-04-22-at-7.57.55-AM-300x225.jpeg 300w, https:\/\/www.colegiocajamag.edu.co\/wp-content\/uploads\/2025\/06\/WhatsApp-Image-2025-04-22-at-7.57.55-AM-768x576.jpeg 768w, https:\/\/www.colegiocajamag.edu.co\/wp-content\/uploads\/2025\/06\/WhatsApp-Image-2025-04-22-at-7.57.55-AM-1536x1152.jpeg 1536w, https:\/\/www.colegiocajamag.edu.co\/wp-content\/uploads\/2025\/06\/WhatsApp-Image-2025-04-22-at-7.57.55-AM-2048x1536.jpeg 2048w\" sizes=\"(max-width: 1024px) 100vw, 1024px\" \/>\t\t\t\t\t\t\t\t\t\t\t\t\t\t<\/div>\n\t\t\t\t\t\t<\/div>\n\t\t\t\t<\/div>\n\t\t\t\t\t\t<\/div>\n\t\t\t\t\t<\/div>\n\t\t<\/div>\n\t\t\t\t<div class=\"elementor-column elementor-col-33 elementor-top-column elementor-element elementor-element-31e3f21\" data-id=\"31e3f21\" data-element_type=\"column\">\n\t\t\t<div class=\"elementor-column-wrap elementor-element-populated\">\n\t\t\t\t\t\t\t<div class=\"elementor-widget-wrap\">\n\t\t\t\t\t\t<div class=\"elementor-element elementor-element-de19ccc elementor-widget elementor-widget-image\" data-id=\"de19ccc\" data-element_type=\"widget\" data-widget_type=\"image.default\">\n\t\t\t\t<div class=\"elementor-widget-container\">\n\t\t\t\t\t\t\t\t<div class=\"elementor-image\">\n\t\t\t\t\t\t\t\t\t\t\t\t<img decoding=\"async\" width=\"1024\" height=\"768\" src=\"https:\/\/www.colegiocajamag.edu.co\/wp-content\/uploads\/2025\/06\/WhatsApp-Image-2025-04-22-at-7.50.36-AM-4-1024x768.jpeg\" class=\"attachment-large size-large wp-image-1058\" alt=\"\" loading=\"lazy\" srcset=\"https:\/\/www.colegiocajamag.edu.co\/wp-content\/uploads\/2025\/06\/WhatsApp-Image-2025-04-22-at-7.50.36-AM-4-1024x768.jpeg 1024w, https:\/\/www.colegiocajamag.edu.co\/wp-content\/uploads\/2025\/06\/WhatsApp-Image-2025-04-22-at-7.50.36-AM-4-300x225.jpeg 300w, https:\/\/www.colegiocajamag.edu.co\/wp-content\/uploads\/2025\/06\/WhatsApp-Image-2025-04-22-at-7.50.36-AM-4-768x576.jpeg 768w, https:\/\/www.colegiocajamag.edu.co\/wp-content\/uploads\/2025\/06\/WhatsApp-Image-2025-04-22-at-7.50.36-AM-4.jpeg 1280w\" sizes=\"(max-width: 1024px) 100vw, 1024px\" \/>\t\t\t\t\t\t\t\t\t\t\t\t\t\t<\/div>\n\t\t\t\t\t\t<\/div>\n\t\t\t\t<\/div>\n\t\t\t\t\t\t<\/div>\n\t\t\t\t\t<\/div>\n\t\t<\/div>\n\t\t\t\t<div class=\"elementor-column elementor-col-33 elementor-top-column elementor-element elementor-element-5326692\" data-id=\"5326692\" data-element_type=\"column\">\n\t\t\t<div class=\"elementor-column-wrap elementor-element-populated\">\n\t\t\t\t\t\t\t<div class=\"elementor-widget-wrap\">\n\t\t\t\t\t\t<div class=\"elementor-element elementor-element-418b568 elementor-widget elementor-widget-image\" data-id=\"418b568\" data-element_type=\"widget\" data-widget_type=\"image.default\">\n\t\t\t\t<div class=\"elementor-widget-container\">\n\t\t\t\t\t\t\t\t<div class=\"elementor-image\">\n\t\t\t\t\t\t\t\t\t\t\t\t<img decoding=\"async\" width=\"1024\" height=\"768\" src=\"https:\/\/www.colegiocajamag.edu.co\/wp-content\/uploads\/2025\/06\/WhatsApp-Image-2025-04-22-at-7.50.36-AM-2-1024x768.jpeg\" class=\"attachment-large size-large wp-image-1057\" alt=\"\" loading=\"lazy\" srcset=\"https:\/\/www.colegiocajamag.edu.co\/wp-content\/uploads\/2025\/06\/WhatsApp-Image-2025-04-22-at-7.50.36-AM-2-1024x768.jpeg 1024w, https:\/\/www.colegiocajamag.edu.co\/wp-content\/uploads\/2025\/06\/WhatsApp-Image-2025-04-22-at-7.50.36-AM-2-300x225.jpeg 300w, https:\/\/www.colegiocajamag.edu.co\/wp-content\/uploads\/2025\/06\/WhatsApp-Image-2025-04-22-at-7.50.36-AM-2-768x576.jpeg 768w, https:\/\/www.colegiocajamag.edu.co\/wp-content\/uploads\/2025\/06\/WhatsApp-Image-2025-04-22-at-7.50.36-AM-2.jpeg 1280w\" sizes=\"(max-width: 1024px) 100vw, 1024px\" \/>\t\t\t\t\t\t\t\t\t\t\t\t\t\t<\/div>\n\t\t\t\t\t\t<\/div>\n\t\t\t\t<\/div>\n\t\t\t\t\t\t<\/div>\n\t\t\t\t\t<\/div>\n\t\t<\/div>\n\t\t\t\t\t\t\t\t<\/div>\n\t\t\t\t\t<\/div>\n\t\t<\/section>\n\t\t\t\t\t\t\t\t\t<\/div>\n\t\t\t<\/div>\n\t\t\t\t\t<\/div>\n\t\t","protected":false},"excerpt":{"rendered":"<p>Con el firme prop\u00f3sito de fortalecer los valores democr\u00e1ticos, la participaci\u00f3n estudiantil y el liderazgo en nuestra comunidad educativa, el Colegio Cajamag llev\u00f3 a cabo la ceremonia de posesi\u00f3n del Consejo Estudiantil 2025. La actividad tuvo lugar en el patio central de la instituci\u00f3n y cont\u00f3 con la asistencia de todos los estudiantes, docentes, directivos &hellip;<\/p>\n<p class=\"read-more\"> <a class=\"\" href=\"https:\/\/www.colegiocajamag.edu.co\/?p=1055\"> <span class=\"screen-reader-text\">Colegio Cajamag da la bienvenida oficial al Gobierno Estudiantil 2025<\/span> Leer m\u00e1s &raquo;<\/a><\/p>\n","protected":false},"author":6,"featured_media":1059,"comment_status":"open","ping_status":"open","sticky":false,"template":"","format":"standard","meta":[],"categories":[5],"tags":[],"_links":{"self":[{"href":"https:\/\/www.colegiocajamag.edu.co\/index.php?rest_route=\/wp\/v2\/posts\/1055"}],"collection":[{"href":"https:\/\/www.colegiocajamag.edu.co\/index.php?rest_route=\/wp\/v2\/posts"}],"about":[{"href":"https:\/\/www.colegiocajamag.edu.co\/index.php?rest_route=\/wp\/v2\/types\/post"}],"author":[{"embeddable":true,"href":"https:\/\/www.colegiocajamag.edu.co\/index.php?rest_route=\/wp\/v2\/users\/6"}],"replies":[{"embeddable":true,"href":"https:\/\/www.colegiocajamag.edu.co\/index.php?rest_route=%2Fwp%2Fv2%2Fcomments&post=1055"}],"version-history":[{"count":5,"href":"https:\/\/www.colegiocajamag.edu.co\/index.php?rest_route=\/wp\/v2\/posts\/1055\/revisions"}],"predecessor-version":[{"id":1065,"href":"https:\/\/www.colegiocajamag.edu.co\/index.php?rest_route=\/wp\/v2\/posts\/1055\/revisions\/1065"}],"wp:featuredmedia":[{"embeddable":true,"href":"https:\/\/www.colegiocajamag.edu.co\/index.php?rest_route=\/wp\/v2\/media\/1059"}],"wp:attachment":[{"href":"https:\/\/www.colegiocajamag.edu.co\/index.php?rest_route=%2Fwp%2Fv2%2Fmedia&parent=1055"}],"wp:term":[{"taxonomy":"category","embeddable":true,"href":"https:\/\/www.colegiocajamag.edu.co\/index.php?rest_route=%2Fwp%2Fv2%2Fcategories&post=1055"},{"taxonomy":"post_tag","embeddable":true,"href":"https:\/\/www.colegiocajamag.edu.co\/index.php?rest_route=%2Fwp%2Fv2%2Ftags&post=1055"}],"curies":[{"name":"wp","href":"https:\/\/api.w.org\/{rel}","templated":true}]}}