{"id":1133,"date":"2025-09-22T20:31:56","date_gmt":"2025-09-22T20:31:56","guid":{"rendered":"https:\/\/www.colegiocajamag.edu.co\/?p=1133"},"modified":"2025-09-22T20:34:38","modified_gmt":"2025-09-22T20:34:38","slug":"en-el-teatro-cajamag-colegios-catolicos-compartieron-su-legado-y-compromiso-con-santa-marta","status":"publish","type":"post","link":"https:\/\/www.colegiocajamag.edu.co\/?p=1133","title":{"rendered":"En el Teatro Cajamag, colegios cat\u00f3licos compartieron su legado y compromiso con Santa Marta"},"content":{"rendered":"\t\t<div data-elementor-type=\"wp-post\" data-elementor-id=\"1133\" class=\"elementor elementor-1133\">\n\t\t\t\t\t\t<div class=\"elementor-inner\">\n\t\t\t\t<div class=\"elementor-section-wrap\">\n\t\t\t\t\t\t\t\t\t<section class=\"elementor-section elementor-top-section elementor-element elementor-element-dda2b71 elementor-section-boxed elementor-section-height-default elementor-section-height-default\" data-id=\"dda2b71\" data-element_type=\"section\">\n\t\t\t\t\t\t<div class=\"elementor-container elementor-column-gap-default\">\n\t\t\t\t\t\t\t<div class=\"elementor-row\">\n\t\t\t\t\t<div class=\"elementor-column elementor-col-100 elementor-top-column elementor-element elementor-element-a8b74a9\" data-id=\"a8b74a9\" data-element_type=\"column\">\n\t\t\t<div class=\"elementor-column-wrap elementor-element-populated\">\n\t\t\t\t\t\t\t<div class=\"elementor-widget-wrap\">\n\t\t\t\t\t\t<div class=\"elementor-element elementor-element-f038fd0 elementor-widget elementor-widget-text-editor\" data-id=\"f038fd0\" data-element_type=\"widget\" data-widget_type=\"text-editor.default\">\n\t\t\t\t<div class=\"elementor-widget-container\">\n\t\t\t\t\t\t\t\t<div class=\"elementor-text-editor elementor-clearfix\">\n\t\t\t\t<p>Rectores, docentes y estudiantes de colegios vinculados a Conaced se reunieron en el Teatro Cajamag para conmemorar el legado de la educaci\u00f3n cat\u00f3lica en la ciudad. Una misa solemne, reflexiones y presentaciones marcaron el encuentro.<\/p><p>En el Teatro Cajamag se llev\u00f3 a cabo el Encuentro de Colegios vinculados a la Confederaci\u00f3n Nacional Cat\u00f3lica de Educaci\u00f3n (Conaced) 2025, un espacio que reuni\u00f3 a rectores, profesores y estudiantes de instituciones educativas que hacen parte de esta red.<br \/>En esta oportunidad participaron el Jard\u00edn Infantil Kinderlandia, La Milagrosa, La Presentaci\u00f3n, Divino Ni\u00f1o, Diocesano San Jos\u00e9, el Colegio Cajamag, San Luis Beltr\u00e1n, Centro Pedag\u00f3gico del Ni\u00f1o, San Francisco Javier y la Normal Superior Mar\u00eda Auxiliadora. Todos ellos presentaron su historia, misi\u00f3n y enfoque cat\u00f3lico, destacando el papel de la fe en el proceso formativo de miles de ni\u00f1os y j\u00f3venes.<\/p><p>La misa y el mensaje de unidad<br \/>El evento inici\u00f3 con una misa oficiada por monse\u00f1or Jos\u00e9 Mario Bacci, obispo de Santa Marta, quien habl\u00f3 de la importancia de este tipo de espacios para fortalecer la identidad de los colegios cat\u00f3licos en la ciudad.<br \/>\u201cEs un evento importante porque anima la vida de estas instituciones y marca directrices para el ejercicio de este servicio social tan importante desde la identidad cat\u00f3lica\u201d, expres\u00f3 el obispo. Y agreg\u00f3: \u201cQue el Se\u00f1or Jes\u00fas y la fuerza del Evangelio inspiren todas nuestras acciones, decisiones y programas para que podamos ser luz en la formaci\u00f3n de nuevas generaciones que transformen su coraz\u00f3n, sus familias y la ciudad\u201d.<\/p><p>La visi\u00f3n del Colegio Cajamag<br \/>Como anfitriona del encuentro, la rectora del Colegio Cajamag, Maribel Alarc\u00f3n, resalt\u00f3 que la formaci\u00f3n integral de sus estudiantes est\u00e1 cimentada en valores cristianos.<br \/>\u201cPara nosotros es de mucho gusto unirnos a esta celebraci\u00f3n que coincide con los 500 a\u00f1os de Santa Marta. Desde Cajamag nos sentimos comprometidos con la ciudad a trav\u00e9s de la educaci\u00f3n y de todos nuestros programas sociales\u201d, afirm\u00f3.<br \/>Sobre el enfoque institucional, explic\u00f3: \u201cFormar con valores cat\u00f3licos ha permitido que nuestros estudiantes, adem\u00e1s de culminar su ciclo acad\u00e9mico con herramientas en diferentes \u00e1reas, tambi\u00e9n salgan siendo mejores seres humanos, con sensibilidad y entendimiento de la importancia de aportar a la sociedad a trav\u00e9s de los mandamientos de Dios\u201d.<\/p><p>El aporte hist\u00f3rico de la educaci\u00f3n cat\u00f3lica<br \/>El tema central de la jornada fue \u201cLas huellas de la educaci\u00f3n cat\u00f3lica en los 500 a\u00f1os de Santa Marta\u201d. Cada instituci\u00f3n participante mostr\u00f3 c\u00f3mo ha dejado un legado en la ciudad, no solo en el plano acad\u00e9mico, sino tambi\u00e9n en la construcci\u00f3n de tejido social, la promoci\u00f3n de la fe y la formaci\u00f3n de ciudadanos con principios.<br \/>M\u00f3nica Patricia Tausa Ram\u00edrez, presidente de Conaced en Santa Marta lo resumi\u00f3 as\u00ed: \u201cLa educaci\u00f3n cat\u00f3lica ha permeado la cultura samaria. La escuela cat\u00f3lica ha sido esa luz a trav\u00e9s de la cual la fe se difunde y se traduce en obras: justicia, fraternidad y solidaridad\u201d.<\/p><p>La mirada nacional de Conaced<br \/>El padre Misael Enrique Meza Torres, sacerdote jesuita y presidente de Conaced Nacional, destac\u00f3 que el verdadero valor de esta confederaci\u00f3n est\u00e1 en la uni\u00f3n.<br \/>\u201cLa importancia es mantener la identidad de la educaci\u00f3n cat\u00f3lica en el pa\u00eds, formando personas para transformar la naci\u00f3n desde la moral del Evangelio. Cada colegio tiene su carisma y particularidad, pero todos aportan experiencias significativas que enriquecen la educaci\u00f3n y la vida comunitaria en la regi\u00f3n\u201d, explic\u00f3.<\/p><p>Una misi\u00f3n que contin\u00faa<br \/>El encuentro no solo fue un espacio de celebraci\u00f3n, sino tambi\u00e9n de reflexi\u00f3n sobre los retos que enfrenta la educaci\u00f3n cat\u00f3lica en el presente y futuro. Desde la innovaci\u00f3n pedag\u00f3gica hasta la integraci\u00f3n comunitaria, los colegios reunidos en Conaced reafirmaron su compromiso con la formaci\u00f3n de nuevas generaciones que puedan ser protagonistas de una Santa Marta m\u00e1s justa y solidaria.<\/p>\t\t\t\t\t<\/div>\n\t\t\t\t\t\t<\/div>\n\t\t\t\t<\/div>\n\t\t\t\t\t\t<\/div>\n\t\t\t\t\t<\/div>\n\t\t<\/div>\n\t\t\t\t\t\t\t\t<\/div>\n\t\t\t\t\t<\/div>\n\t\t<\/section>\n\t\t\t\t<section class=\"elementor-section elementor-top-section elementor-element elementor-element-824c5a5 elementor-section-boxed elementor-section-height-default elementor-section-height-default\" data-id=\"824c5a5\" data-element_type=\"section\">\n\t\t\t\t\t\t<div class=\"elementor-container elementor-column-gap-default\">\n\t\t\t\t\t\t\t<div class=\"elementor-row\">\n\t\t\t\t\t<div class=\"elementor-column elementor-col-33 elementor-top-column elementor-element elementor-element-c349a81\" data-id=\"c349a81\" data-element_type=\"column\">\n\t\t\t<div class=\"elementor-column-wrap elementor-element-populated\">\n\t\t\t\t\t\t\t<div class=\"elementor-widget-wrap\">\n\t\t\t\t\t\t<div class=\"elementor-element elementor-element-4452a55 elementor-widget elementor-widget-image\" data-id=\"4452a55\" data-element_type=\"widget\" data-widget_type=\"image.default\">\n\t\t\t\t<div class=\"elementor-widget-container\">\n\t\t\t\t\t\t\t\t<div class=\"elementor-image\">\n\t\t\t\t\t\t\t\t\t\t\t\t<img decoding=\"async\" width=\"1024\" height=\"768\" src=\"https:\/\/www.colegiocajamag.edu.co\/wp-content\/uploads\/2025\/09\/WhatsApp-Image-2025-09-22-at-12.56.04-PM-1024x768.jpeg\" class=\"attachment-large size-large wp-image-1143\" alt=\"\" loading=\"lazy\" srcset=\"https:\/\/www.colegiocajamag.edu.co\/wp-content\/uploads\/2025\/09\/WhatsApp-Image-2025-09-22-at-12.56.04-PM-1024x768.jpeg 1024w, https:\/\/www.colegiocajamag.edu.co\/wp-content\/uploads\/2025\/09\/WhatsApp-Image-2025-09-22-at-12.56.04-PM-300x225.jpeg 300w, https:\/\/www.colegiocajamag.edu.co\/wp-content\/uploads\/2025\/09\/WhatsApp-Image-2025-09-22-at-12.56.04-PM-768x576.jpeg 768w, https:\/\/www.colegiocajamag.edu.co\/wp-content\/uploads\/2025\/09\/WhatsApp-Image-2025-09-22-at-12.56.04-PM-1536x1152.jpeg 1536w, https:\/\/www.colegiocajamag.edu.co\/wp-content\/uploads\/2025\/09\/WhatsApp-Image-2025-09-22-at-12.56.04-PM.jpeg 1600w\" sizes=\"(max-width: 1024px) 100vw, 1024px\" \/>\t\t\t\t\t\t\t\t\t\t\t\t\t\t<\/div>\n\t\t\t\t\t\t<\/div>\n\t\t\t\t<\/div>\n\t\t\t\t\t\t<\/div>\n\t\t\t\t\t<\/div>\n\t\t<\/div>\n\t\t\t\t<div class=\"elementor-column elementor-col-33 elementor-top-column elementor-element elementor-element-0e23308\" data-id=\"0e23308\" data-element_type=\"column\">\n\t\t\t<div class=\"elementor-column-wrap elementor-element-populated\">\n\t\t\t\t\t\t\t<div class=\"elementor-widget-wrap\">\n\t\t\t\t\t\t<div class=\"elementor-element elementor-element-ee58319 elementor-widget elementor-widget-image\" data-id=\"ee58319\" data-element_type=\"widget\" data-widget_type=\"image.default\">\n\t\t\t\t<div class=\"elementor-widget-container\">\n\t\t\t\t\t\t\t\t<div class=\"elementor-image\">\n\t\t\t\t\t\t\t\t\t\t\t\t<img decoding=\"async\" width=\"1024\" height=\"768\" src=\"https:\/\/www.colegiocajamag.edu.co\/wp-content\/uploads\/2025\/09\/WhatsApp-Image-2025-09-22-at-12.56.03-PM-1-1024x768.jpeg\" class=\"attachment-large size-large wp-image-1142\" alt=\"\" loading=\"lazy\" srcset=\"https:\/\/www.colegiocajamag.edu.co\/wp-content\/uploads\/2025\/09\/WhatsApp-Image-2025-09-22-at-12.56.03-PM-1-1024x768.jpeg 1024w, https:\/\/www.colegiocajamag.edu.co\/wp-content\/uploads\/2025\/09\/WhatsApp-Image-2025-09-22-at-12.56.03-PM-1-300x225.jpeg 300w, https:\/\/www.colegiocajamag.edu.co\/wp-content\/uploads\/2025\/09\/WhatsApp-Image-2025-09-22-at-12.56.03-PM-1-768x576.jpeg 768w, https:\/\/www.colegiocajamag.edu.co\/wp-content\/uploads\/2025\/09\/WhatsApp-Image-2025-09-22-at-12.56.03-PM-1-1536x1152.jpeg 1536w, https:\/\/www.colegiocajamag.edu.co\/wp-content\/uploads\/2025\/09\/WhatsApp-Image-2025-09-22-at-12.56.03-PM-1.jpeg 1600w\" sizes=\"(max-width: 1024px) 100vw, 1024px\" \/>\t\t\t\t\t\t\t\t\t\t\t\t\t\t<\/div>\n\t\t\t\t\t\t<\/div>\n\t\t\t\t<\/div>\n\t\t\t\t\t\t<\/div>\n\t\t\t\t\t<\/div>\n\t\t<\/div>\n\t\t\t\t<div class=\"elementor-column elementor-col-33 elementor-top-column elementor-element elementor-element-4752dee\" data-id=\"4752dee\" data-element_type=\"column\">\n\t\t\t<div class=\"elementor-column-wrap elementor-element-populated\">\n\t\t\t\t\t\t\t<div class=\"elementor-widget-wrap\">\n\t\t\t\t\t\t<div class=\"elementor-element elementor-element-6ea08dd elementor-widget elementor-widget-image\" data-id=\"6ea08dd\" data-element_type=\"widget\" data-widget_type=\"image.default\">\n\t\t\t\t<div class=\"elementor-widget-container\">\n\t\t\t\t\t\t\t\t<div class=\"elementor-image\">\n\t\t\t\t\t\t\t\t\t\t\t\t<img decoding=\"async\" width=\"1024\" height=\"768\" src=\"https:\/\/www.colegiocajamag.edu.co\/wp-content\/uploads\/2025\/09\/WhatsApp-Image-2025-09-22-at-12.56.02-PM-1024x768.jpeg\" class=\"attachment-large size-large wp-image-1141\" alt=\"\" loading=\"lazy\" srcset=\"https:\/\/www.colegiocajamag.edu.co\/wp-content\/uploads\/2025\/09\/WhatsApp-Image-2025-09-22-at-12.56.02-PM-1024x768.jpeg 1024w, https:\/\/www.colegiocajamag.edu.co\/wp-content\/uploads\/2025\/09\/WhatsApp-Image-2025-09-22-at-12.56.02-PM-300x225.jpeg 300w, https:\/\/www.colegiocajamag.edu.co\/wp-content\/uploads\/2025\/09\/WhatsApp-Image-2025-09-22-at-12.56.02-PM-768x576.jpeg 768w, https:\/\/www.colegiocajamag.edu.co\/wp-content\/uploads\/2025\/09\/WhatsApp-Image-2025-09-22-at-12.56.02-PM-1536x1152.jpeg 1536w, https:\/\/www.colegiocajamag.edu.co\/wp-content\/uploads\/2025\/09\/WhatsApp-Image-2025-09-22-at-12.56.02-PM.jpeg 1600w\" sizes=\"(max-width: 1024px) 100vw, 1024px\" \/>\t\t\t\t\t\t\t\t\t\t\t\t\t\t<\/div>\n\t\t\t\t\t\t<\/div>\n\t\t\t\t<\/div>\n\t\t\t\t\t\t<\/div>\n\t\t\t\t\t<\/div>\n\t\t<\/div>\n\t\t\t\t\t\t\t\t<\/div>\n\t\t\t\t\t<\/div>\n\t\t<\/section>\n\t\t\t\t\t\t\t\t\t<\/div>\n\t\t\t<\/div>\n\t\t\t\t\t<\/div>\n\t\t","protected":false},"excerpt":{"rendered":"<p>Rectores, docentes y estudiantes de colegios vinculados a Conaced se reunieron en el Teatro Cajamag para conmemorar el legado de la educaci\u00f3n cat\u00f3lica en la ciudad. Una misa solemne, reflexiones y presentaciones marcaron el encuentro. En el Teatro Cajamag se llev\u00f3 a cabo el Encuentro de Colegios vinculados a la Confederaci\u00f3n Nacional Cat\u00f3lica de Educaci\u00f3n &hellip;<\/p>\n<p class=\"read-more\"> <a class=\"\" href=\"https:\/\/www.colegiocajamag.edu.co\/?p=1133\"> <span class=\"screen-reader-text\">En el Teatro Cajamag, colegios cat\u00f3licos compartieron su legado y compromiso con Santa Marta<\/span> Leer m\u00e1s &raquo;<\/a><\/p>\n","protected":false},"author":6,"featured_media":1139,"comment_status":"open","ping_status":"open","sticky":false,"template":"","format":"standard","meta":[],"categories":[1],"tags":[],"_links":{"self":[{"href":"https:\/\/www.colegiocajamag.edu.co\/index.php?rest_route=\/wp\/v2\/posts\/1133"}],"collection":[{"href":"https:\/\/www.colegiocajamag.edu.co\/index.php?rest_route=\/wp\/v2\/posts"}],"about":[{"href":"https:\/\/www.colegiocajamag.edu.co\/index.php?rest_route=\/wp\/v2\/types\/post"}],"author":[{"embeddable":true,"href":"https:\/\/www.colegiocajamag.edu.co\/index.php?rest_route=\/wp\/v2\/users\/6"}],"replies":[{"embeddable":true,"href":"https:\/\/www.colegiocajamag.edu.co\/index.php?rest_route=%2Fwp%2Fv2%2Fcomments&post=1133"}],"version-history":[{"count":8,"href":"https:\/\/www.colegiocajamag.edu.co\/index.php?rest_route=\/wp\/v2\/posts\/1133\/revisions"}],"predecessor-version":[{"id":1146,"href":"https:\/\/www.colegiocajamag.edu.co\/index.php?rest_route=\/wp\/v2\/posts\/1133\/revisions\/1146"}],"wp:featuredmedia":[{"embeddable":true,"href":"https:\/\/www.colegiocajamag.edu.co\/index.php?rest_route=\/wp\/v2\/media\/1139"}],"wp:attachment":[{"href":"https:\/\/www.colegiocajamag.edu.co\/index.php?rest_route=%2Fwp%2Fv2%2Fmedia&parent=1133"}],"wp:term":[{"taxonomy":"category","embeddable":true,"href":"https:\/\/www.colegiocajamag.edu.co\/index.php?rest_route=%2Fwp%2Fv2%2Fcategories&post=1133"},{"taxonomy":"post_tag","embeddable":true,"href":"https:\/\/www.colegiocajamag.edu.co\/index.php?rest_route=%2Fwp%2Fv2%2Ftags&post=1133"}],"curies":[{"name":"wp","href":"https:\/\/api.w.org\/{rel}","templated":true}]}}