{"id":1148,"date":"2025-09-30T22:01:11","date_gmt":"2025-09-30T22:01:11","guid":{"rendered":"https:\/\/www.colegiocajamag.edu.co\/?p=1148"},"modified":"2025-09-30T22:02:31","modified_gmt":"2025-09-30T22:02:31","slug":"35-ninos-del-colegio-cajamag-celebraron-su-primera-comunion-en-la-iglesia-de-santa-ana","status":"publish","type":"post","link":"https:\/\/www.colegiocajamag.edu.co\/?p=1148","title":{"rendered":"35 ni\u00f1os del Colegio Cajamag celebraron su primera comuni\u00f3n en la iglesia de Santa Ana"},"content":{"rendered":"\t\t<div data-elementor-type=\"wp-post\" data-elementor-id=\"1148\" class=\"elementor elementor-1148\">\n\t\t\t\t\t\t<div class=\"elementor-inner\">\n\t\t\t\t<div class=\"elementor-section-wrap\">\n\t\t\t\t\t\t\t\t\t<section class=\"elementor-section elementor-top-section elementor-element elementor-element-debd500 elementor-section-boxed elementor-section-height-default elementor-section-height-default\" data-id=\"debd500\" data-element_type=\"section\">\n\t\t\t\t\t\t<div class=\"elementor-container elementor-column-gap-default\">\n\t\t\t\t\t\t\t<div class=\"elementor-row\">\n\t\t\t\t\t<div class=\"elementor-column elementor-col-100 elementor-top-column elementor-element elementor-element-4a2a907\" data-id=\"4a2a907\" data-element_type=\"column\">\n\t\t\t<div class=\"elementor-column-wrap elementor-element-populated\">\n\t\t\t\t\t\t\t<div class=\"elementor-widget-wrap\">\n\t\t\t\t\t\t<div class=\"elementor-element elementor-element-6bef796 elementor-widget elementor-widget-text-editor\" data-id=\"6bef796\" data-element_type=\"widget\" data-widget_type=\"text-editor.default\">\n\t\t\t\t<div class=\"elementor-widget-container\">\n\t\t\t\t\t\t\t\t<div class=\"elementor-text-editor elementor-clearfix\">\n\t\t\t\t<p>La instituci\u00f3n organiz\u00f3 una ceremonia solemne y un compartir especial para acompa\u00f1ar a los estudiantes y sus familias en este momento de fe y uni\u00f3n.<\/p><p>La fe, la emoci\u00f3n y la alegr\u00eda se hicieron presentes en la iglesia de Santa Ana, donde 35 estudiantes del Colegio Cajamag recibieron por primera vez el sacramento de la Eucarist\u00eda. La celebraci\u00f3n, presidida por el p\u00e1rroco de la comunidad, fue un acto solemne que reuni\u00f3 a familiares, docentes y compa\u00f1eros de los ni\u00f1os, convirti\u00e9ndose en un momento de uni\u00f3n espiritual y comunitaria.<\/p><p>Vestidos de blanco, con rostros iluminados por la expectativa y la inocencia, los peque\u00f1os dieron un paso trascendental en su formaci\u00f3n cat\u00f3lica, reafirmando los valores inculcados tanto en sus hogares como en el colegio. La ceremonia estuvo acompa\u00f1ada de cantos, oraciones y reflexiones que resaltaron la importancia de la fe en la vida de los m\u00e1s j\u00f3venes.<\/p><p>Tras la misa, la comunidad educativa del Colegio Cajamag prepar\u00f3 un compartir en sus instalaciones para celebrar junto a los estudiantes y sus familias. All\u00ed hubo espacio para la convivencia, la alegr\u00eda y el agradecimiento, en un ambiente c\u00e1lido que reforz\u00f3 el sentido de pertenencia a la instituci\u00f3n.<\/p><p>\u201cFue un momento muy especial para nuestros hijos y para nosotros como padres, nos sentimos agradecidos con el colegio por acompa\u00f1ar este proceso espiritual\u201d, expres\u00f3 una madre de familia emocionada al final de la jornada.<\/p><p>La primera comuni\u00f3n de los 35 estudiantes no solo marc\u00f3 un paso importante en su vida religiosa, sino tambi\u00e9n en su crecimiento integral como miembros de la comunidad Cajamag, donde la formaci\u00f3n en valores ocupa un lugar central en el proyecto educativo.<\/p><p>Con esta celebraci\u00f3n, el colegio reafirma su compromiso de formar no solo estudiantes con excelencia acad\u00e9mica, sino tambi\u00e9n seres humanos con una s\u00f3lida base \u00e9tica y espiritual, capaces de aportar con amor y fe al mundo que los rodea.<\/p>\t\t\t\t\t<\/div>\n\t\t\t\t\t\t<\/div>\n\t\t\t\t<\/div>\n\t\t\t\t\t\t<\/div>\n\t\t\t\t\t<\/div>\n\t\t<\/div>\n\t\t\t\t\t\t\t\t<\/div>\n\t\t\t\t\t<\/div>\n\t\t<\/section>\n\t\t\t\t<section class=\"elementor-section elementor-top-section elementor-element elementor-element-a3caa5f elementor-section-boxed elementor-section-height-default elementor-section-height-default\" data-id=\"a3caa5f\" data-element_type=\"section\">\n\t\t\t\t\t\t<div class=\"elementor-container elementor-column-gap-default\">\n\t\t\t\t\t\t\t<div class=\"elementor-row\">\n\t\t\t\t\t<div class=\"elementor-column elementor-col-33 elementor-top-column elementor-element elementor-element-066c399\" data-id=\"066c399\" data-element_type=\"column\">\n\t\t\t<div class=\"elementor-column-wrap elementor-element-populated\">\n\t\t\t\t\t\t\t<div class=\"elementor-widget-wrap\">\n\t\t\t\t\t\t<div class=\"elementor-element elementor-element-6c79065 elementor-widget elementor-widget-image\" data-id=\"6c79065\" data-element_type=\"widget\" data-widget_type=\"image.default\">\n\t\t\t\t<div class=\"elementor-widget-container\">\n\t\t\t\t\t\t\t\t<div class=\"elementor-image\">\n\t\t\t\t\t\t\t\t\t\t\t\t<img decoding=\"async\" width=\"1024\" height=\"768\" src=\"https:\/\/www.colegiocajamag.edu.co\/wp-content\/uploads\/2025\/09\/WhatsApp-Image-2025-09-29-at-5.51.47-PM-1-1024x768.jpeg\" class=\"attachment-large size-large wp-image-1156\" alt=\"\" loading=\"lazy\" srcset=\"https:\/\/www.colegiocajamag.edu.co\/wp-content\/uploads\/2025\/09\/WhatsApp-Image-2025-09-29-at-5.51.47-PM-1-1024x768.jpeg 1024w, https:\/\/www.colegiocajamag.edu.co\/wp-content\/uploads\/2025\/09\/WhatsApp-Image-2025-09-29-at-5.51.47-PM-1-300x225.jpeg 300w, https:\/\/www.colegiocajamag.edu.co\/wp-content\/uploads\/2025\/09\/WhatsApp-Image-2025-09-29-at-5.51.47-PM-1-768x576.jpeg 768w, https:\/\/www.colegiocajamag.edu.co\/wp-content\/uploads\/2025\/09\/WhatsApp-Image-2025-09-29-at-5.51.47-PM-1-1536x1152.jpeg 1536w, https:\/\/www.colegiocajamag.edu.co\/wp-content\/uploads\/2025\/09\/WhatsApp-Image-2025-09-29-at-5.51.47-PM-1.jpeg 1600w\" sizes=\"(max-width: 1024px) 100vw, 1024px\" \/>\t\t\t\t\t\t\t\t\t\t\t\t\t\t<\/div>\n\t\t\t\t\t\t<\/div>\n\t\t\t\t<\/div>\n\t\t\t\t\t\t<\/div>\n\t\t\t\t\t<\/div>\n\t\t<\/div>\n\t\t\t\t<div class=\"elementor-column elementor-col-33 elementor-top-column elementor-element elementor-element-23748e6\" data-id=\"23748e6\" data-element_type=\"column\">\n\t\t\t<div class=\"elementor-column-wrap elementor-element-populated\">\n\t\t\t\t\t\t\t<div class=\"elementor-widget-wrap\">\n\t\t\t\t\t\t<div class=\"elementor-element elementor-element-9a05af9 elementor-widget elementor-widget-image\" data-id=\"9a05af9\" data-element_type=\"widget\" data-widget_type=\"image.default\">\n\t\t\t\t<div class=\"elementor-widget-container\">\n\t\t\t\t\t\t\t\t<div class=\"elementor-image\">\n\t\t\t\t\t\t\t\t\t\t\t\t<img decoding=\"async\" width=\"1024\" height=\"768\" src=\"https:\/\/www.colegiocajamag.edu.co\/wp-content\/uploads\/2025\/09\/WhatsApp-Image-2025-09-29-at-5.51.47-PM-2-1024x768.jpeg\" class=\"attachment-large size-large wp-image-1157\" alt=\"\" loading=\"lazy\" srcset=\"https:\/\/www.colegiocajamag.edu.co\/wp-content\/uploads\/2025\/09\/WhatsApp-Image-2025-09-29-at-5.51.47-PM-2-1024x768.jpeg 1024w, https:\/\/www.colegiocajamag.edu.co\/wp-content\/uploads\/2025\/09\/WhatsApp-Image-2025-09-29-at-5.51.47-PM-2-300x225.jpeg 300w, https:\/\/www.colegiocajamag.edu.co\/wp-content\/uploads\/2025\/09\/WhatsApp-Image-2025-09-29-at-5.51.47-PM-2-768x576.jpeg 768w, https:\/\/www.colegiocajamag.edu.co\/wp-content\/uploads\/2025\/09\/WhatsApp-Image-2025-09-29-at-5.51.47-PM-2-1536x1152.jpeg 1536w, https:\/\/www.colegiocajamag.edu.co\/wp-content\/uploads\/2025\/09\/WhatsApp-Image-2025-09-29-at-5.51.47-PM-2.jpeg 1600w\" sizes=\"(max-width: 1024px) 100vw, 1024px\" \/>\t\t\t\t\t\t\t\t\t\t\t\t\t\t<\/div>\n\t\t\t\t\t\t<\/div>\n\t\t\t\t<\/div>\n\t\t\t\t\t\t<\/div>\n\t\t\t\t\t<\/div>\n\t\t<\/div>\n\t\t\t\t<div class=\"elementor-column elementor-col-33 elementor-top-column elementor-element elementor-element-6938c01\" data-id=\"6938c01\" data-element_type=\"column\">\n\t\t\t<div class=\"elementor-column-wrap elementor-element-populated\">\n\t\t\t\t\t\t\t<div class=\"elementor-widget-wrap\">\n\t\t\t\t\t\t<div class=\"elementor-element elementor-element-a8e4a87 elementor-widget elementor-widget-image\" data-id=\"a8e4a87\" data-element_type=\"widget\" data-widget_type=\"image.default\">\n\t\t\t\t<div class=\"elementor-widget-container\">\n\t\t\t\t\t\t\t\t<div class=\"elementor-image\">\n\t\t\t\t\t\t\t\t\t\t\t\t<img decoding=\"async\" width=\"1024\" height=\"768\" src=\"https:\/\/www.colegiocajamag.edu.co\/wp-content\/uploads\/2025\/09\/WhatsApp-Image-2025-09-29-at-5.51.46-PM-4-1024x768.jpeg\" class=\"attachment-large size-large wp-image-1154\" alt=\"\" loading=\"lazy\" srcset=\"https:\/\/www.colegiocajamag.edu.co\/wp-content\/uploads\/2025\/09\/WhatsApp-Image-2025-09-29-at-5.51.46-PM-4-1024x768.jpeg 1024w, https:\/\/www.colegiocajamag.edu.co\/wp-content\/uploads\/2025\/09\/WhatsApp-Image-2025-09-29-at-5.51.46-PM-4-300x225.jpeg 300w, https:\/\/www.colegiocajamag.edu.co\/wp-content\/uploads\/2025\/09\/WhatsApp-Image-2025-09-29-at-5.51.46-PM-4-768x576.jpeg 768w, https:\/\/www.colegiocajamag.edu.co\/wp-content\/uploads\/2025\/09\/WhatsApp-Image-2025-09-29-at-5.51.46-PM-4-1536x1152.jpeg 1536w, https:\/\/www.colegiocajamag.edu.co\/wp-content\/uploads\/2025\/09\/WhatsApp-Image-2025-09-29-at-5.51.46-PM-4.jpeg 1600w\" sizes=\"(max-width: 1024px) 100vw, 1024px\" \/>\t\t\t\t\t\t\t\t\t\t\t\t\t\t<\/div>\n\t\t\t\t\t\t<\/div>\n\t\t\t\t<\/div>\n\t\t\t\t\t\t<\/div>\n\t\t\t\t\t<\/div>\n\t\t<\/div>\n\t\t\t\t\t\t\t\t<\/div>\n\t\t\t\t\t<\/div>\n\t\t<\/section>\n\t\t\t\t\t\t\t\t\t<\/div>\n\t\t\t<\/div>\n\t\t\t\t\t<\/div>\n\t\t","protected":false},"excerpt":{"rendered":"<p>La instituci\u00f3n organiz\u00f3 una ceremonia solemne y un compartir especial para acompa\u00f1ar a los estudiantes y sus familias en este momento de fe y uni\u00f3n. La fe, la emoci\u00f3n y la alegr\u00eda se hicieron presentes en la iglesia de Santa Ana, donde 35 estudiantes del Colegio Cajamag recibieron por primera vez el sacramento de la &hellip;<\/p>\n<p class=\"read-more\"> <a class=\"\" href=\"https:\/\/www.colegiocajamag.edu.co\/?p=1148\"> <span class=\"screen-reader-text\">35 ni\u00f1os del Colegio Cajamag celebraron su primera comuni\u00f3n en la iglesia de Santa Ana<\/span> Leer m\u00e1s &raquo;<\/a><\/p>\n","protected":false},"author":6,"featured_media":1149,"comment_status":"open","ping_status":"open","sticky":false,"template":"","format":"standard","meta":[],"categories":[1],"tags":[],"_links":{"self":[{"href":"https:\/\/www.colegiocajamag.edu.co\/index.php?rest_route=\/wp\/v2\/posts\/1148"}],"collection":[{"href":"https:\/\/www.colegiocajamag.edu.co\/index.php?rest_route=\/wp\/v2\/posts"}],"about":[{"href":"https:\/\/www.colegiocajamag.edu.co\/index.php?rest_route=\/wp\/v2\/types\/post"}],"author":[{"embeddable":true,"href":"https:\/\/www.colegiocajamag.edu.co\/index.php?rest_route=\/wp\/v2\/users\/6"}],"replies":[{"embeddable":true,"href":"https:\/\/www.colegiocajamag.edu.co\/index.php?rest_route=%2Fwp%2Fv2%2Fcomments&post=1148"}],"version-history":[{"count":4,"href":"https:\/\/www.colegiocajamag.edu.co\/index.php?rest_route=\/wp\/v2\/posts\/1148\/revisions"}],"predecessor-version":[{"id":1161,"href":"https:\/\/www.colegiocajamag.edu.co\/index.php?rest_route=\/wp\/v2\/posts\/1148\/revisions\/1161"}],"wp:featuredmedia":[{"embeddable":true,"href":"https:\/\/www.colegiocajamag.edu.co\/index.php?rest_route=\/wp\/v2\/media\/1149"}],"wp:attachment":[{"href":"https:\/\/www.colegiocajamag.edu.co\/index.php?rest_route=%2Fwp%2Fv2%2Fmedia&parent=1148"}],"wp:term":[{"taxonomy":"category","embeddable":true,"href":"https:\/\/www.colegiocajamag.edu.co\/index.php?rest_route=%2Fwp%2Fv2%2Fcategories&post=1148"},{"taxonomy":"post_tag","embeddable":true,"href":"https:\/\/www.colegiocajamag.edu.co\/index.php?rest_route=%2Fwp%2Fv2%2Ftags&post=1148"}],"curies":[{"name":"wp","href":"https:\/\/api.w.org\/{rel}","templated":true}]}}