{"id":1267,"date":"2026-09-02T13:48:00","date_gmt":"2026-09-02T13:48:00","guid":{"rendered":"https:\/\/www.colegiocajamag.edu.co\/?p=1267"},"modified":"2026-09-02T13:48:21","modified_gmt":"2026-09-02T13:48:21","slug":"asi-se-vivio-san-valentin-en-el-colegio-cajamag","status":"publish","type":"post","link":"https:\/\/www.colegiocajamag.edu.co\/?p=1267","title":{"rendered":"As\u00ed se vivi\u00f3 San Valent\u00edn en el Colegio Cajamag"},"content":{"rendered":"\t\t<div data-elementor-type=\"wp-post\" data-elementor-id=\"1267\" class=\"elementor elementor-1267\">\n\t\t\t\t\t\t<div class=\"elementor-inner\">\n\t\t\t\t<div class=\"elementor-section-wrap\">\n\t\t\t\t\t\t\t\t\t<section class=\"elementor-section elementor-top-section elementor-element elementor-element-93e69d0 elementor-section-boxed elementor-section-height-default elementor-section-height-default\" data-id=\"93e69d0\" data-element_type=\"section\">\n\t\t\t\t\t\t<div class=\"elementor-container elementor-column-gap-default\">\n\t\t\t\t\t\t\t<div class=\"elementor-row\">\n\t\t\t\t\t<div class=\"elementor-column elementor-col-100 elementor-top-column elementor-element elementor-element-7cba309\" data-id=\"7cba309\" data-element_type=\"column\">\n\t\t\t<div class=\"elementor-column-wrap elementor-element-populated\">\n\t\t\t\t\t\t\t<div class=\"elementor-widget-wrap\">\n\t\t\t\t\t\t<div class=\"elementor-element elementor-element-e9ce604 elementor-widget elementor-widget-text-editor\" data-id=\"e9ce604\" data-element_type=\"widget\" data-widget_type=\"text-editor.default\">\n\t\t\t\t<div class=\"elementor-widget-container\">\n\t\t\t\t\t\t\t\t<div class=\"elementor-text-editor elementor-clearfix\">\n\t\t\t\t<p class=\"PDq2pG_selectionAnchorContainer\" data-start=\"59\" data-end=\"227\">Los estudiantes del <strong data-start=\"79\" data-end=\"98\">Colegio Cajamag<\/strong> celebraron una jornada especial de <strong data-start=\"134\" data-end=\"150\">San Valent\u00edn<\/strong>, compartiendo momentos de alegr\u00eda, amistad, compa\u00f1erismo e integraci\u00f3n. \ud83d\udc8c\ud83e\udd70<\/p><p data-start=\"229\" data-end=\"413\">Fue un espacio para fortalecer los lazos entre compa\u00f1eros y recordar la importancia de valores como el <strong data-start=\"332\" data-end=\"379\">respeto, la amistad, la empat\u00eda y el cari\u00f1o<\/strong> dentro de la comunidad educativa.<\/p><p data-start=\"415\" data-end=\"503\">\ud83d\udc99\u2764\ufe0f \u00a1Una celebraci\u00f3n llena de sonrisas y buenos momentos que quedaron para el recuerdo!<\/p>\t\t\t\t\t<\/div>\n\t\t\t\t\t\t<\/div>\n\t\t\t\t<\/div>\n\t\t\t\t\t\t<\/div>\n\t\t\t\t\t<\/div>\n\t\t<\/div>\n\t\t\t\t\t\t\t\t<\/div>\n\t\t\t\t\t<\/div>\n\t\t<\/section>\n\t\t\t\t\t\t\t\t\t<\/div>\n\t\t\t<\/div>\n\t\t\t\t\t<\/div>\n\t\t","protected":false},"excerpt":{"rendered":"<p>Los estudiantes del Colegio Cajamag celebraron una jornada especial de San Valent\u00edn, compartiendo momentos de alegr\u00eda, amistad, compa\u00f1erismo e integraci\u00f3n. \ud83d\udc8c\ud83e\udd70 Fue un espacio para fortalecer los lazos entre compa\u00f1eros y recordar la importancia de valores como el respeto, la amistad, la empat\u00eda y el cari\u00f1o dentro de la comunidad educativa. \ud83d\udc99\u2764\ufe0f \u00a1Una celebraci\u00f3n llena &hellip;<\/p>\n<p class=\"read-more\"> <a class=\"\" href=\"https:\/\/www.colegiocajamag.edu.co\/?p=1267\"> <span class=\"screen-reader-text\">As\u00ed se vivi\u00f3 San Valent\u00edn en el Colegio Cajamag<\/span> Leer m\u00e1s &raquo;<\/a><\/p>\n","protected":false},"author":6,"featured_media":1268,"comment_status":"open","ping_status":"open","sticky":false,"template":"","format":"standard","meta":[],"categories":[1],"tags":[],"_links":{"self":[{"href":"https:\/\/www.colegiocajamag.edu.co\/index.php?rest_route=\/wp\/v2\/posts\/1267"}],"collection":[{"href":"https:\/\/www.colegiocajamag.edu.co\/index.php?rest_route=\/wp\/v2\/posts"}],"about":[{"href":"https:\/\/www.colegiocajamag.edu.co\/index.php?rest_route=\/wp\/v2\/types\/post"}],"author":[{"embeddable":true,"href":"https:\/\/www.colegiocajamag.edu.co\/index.php?rest_route=\/wp\/v2\/users\/6"}],"replies":[{"embeddable":true,"href":"https:\/\/www.colegiocajamag.edu.co\/index.php?rest_route=%2Fwp%2Fv2%2Fcomments&post=1267"}],"version-history":[{"count":4,"href":"https:\/\/www.colegiocajamag.edu.co\/index.php?rest_route=\/wp\/v2\/posts\/1267\/revisions"}],"predecessor-version":[{"id":1272,"href":"https:\/\/www.colegiocajamag.edu.co\/index.php?rest_route=\/wp\/v2\/posts\/1267\/revisions\/1272"}],"wp:featuredmedia":[{"embeddable":true,"href":"https:\/\/www.colegiocajamag.edu.co\/index.php?rest_route=\/wp\/v2\/media\/1268"}],"wp:attachment":[{"href":"https:\/\/www.colegiocajamag.edu.co\/index.php?rest_route=%2Fwp%2Fv2%2Fmedia&parent=1267"}],"wp:term":[{"taxonomy":"category","embeddable":true,"href":"https:\/\/www.colegiocajamag.edu.co\/index.php?rest_route=%2Fwp%2Fv2%2Fcategories&post=1267"},{"taxonomy":"post_tag","embeddable":true,"href":"https:\/\/www.colegiocajamag.edu.co\/index.php?rest_route=%2Fwp%2Fv2%2Ftags&post=1267"}],"curies":[{"name":"wp","href":"https:\/\/api.w.org\/{rel}","templated":true}]}}